{"id":49694,"date":"2018-05-25T09:22:59","date_gmt":"2018-05-25T07:22:59","guid":{"rendered":"http:\/\/weider.es\/2018\/05\/25\/diamond-cup-madrid\/"},"modified":"2024-04-03T14:50:51","modified_gmt":"2024-04-03T12:50:51","slug":"diamond-cup-madrid","status":"publish","type":"post","link":"https:\/\/weider.es\/it\/coppa-di-diamante-madrid\/","title":{"rendered":"Coppa Diamante Madrid"},"content":{"rendered":"<figure class=\"wp-block-image\"><img decoding=\"async\" src=\"http:\/\/weider.es\/wp-content\/uploads\/2024\/04\/diamond-cup-madrid-weider-2x1600x400-1024x256-1.jpg\" alt=\"coppa di diamanti-MADRID\" class=\"wp-image-4218\"\/><\/figure>\n\n\n\n<h2 class=\"wp-block-heading\">I prestigiosi campionati IFBB arrivano a Madrid<\/h2>\n\n\n\n<p>Questo fine settimana (25-27 maggio) Madrid ospiter\u00e0 una tappa della prestigiosa IFBB Diamond Cup, un evento sportivo di altissimo livello internazionale.<\/p>\n\n\n\n<p>L'evento si terr\u00e0 presso l'I.E.S. Antonio Machado, ad Alcal\u00e1 de Henares (Madrid) e ospiter\u00e0 atleti spagnoli e internazionali. Inoltre, sabato alle 16:30 si terr\u00e0 il Campionato Pro. Venerd\u00ec le operazioni di pesatura si svolgeranno presso l'Hotel Alcal\u00e1 Plaza di Alcal\u00e1 de Henares.<\/p>\n\n\n\n<p>Weider Nutrition \u00e8 sponsor ufficiale dell'evento e sar\u00e0 presente al campionato nelle borse di cortesia che verranno consegnate a tutti i concorrenti e con uno stand dove tutti i partecipanti potranno conoscere e degustare i nuovi prodotti.<\/p>\n\n\n\n<p>Anche il Team Weider ha un ruolo di primo piano nella Diamond Cup e tre dei suoi membri gareggeranno per il podio nelle loro categorie.<\/p>\n\n\n\n<ul><li><a href=\"https:\/\/weider.es\/it\/team-weider\/oriol-asensio\/\">Oriol Asensi<\/a>o: Bodybuilding<\/li><li><a href=\"https:\/\/weider.es\/it\/team-weider\/jennifer-gomez\/\">Jennifer G\u00f3mez<\/a>: Benessere<\/li><li><a href=\"https:\/\/weider.es\/it\/team-weider\/nicolae-florin\/\">Nicolae Florin<\/a>: Bodybuilding classico<\/li><\/ul>\n\n\n\n<figure class=\"wp-block-image\"><img decoding=\"async\" src=\"https:\/\/www.weider.es\/blog2\/wp-content\/uploads\/2019\/01\/7027Team-Weider-Diamosn-Cup-Madrid.jpg\" alt=\"\" class=\"wp-image-241\"\/><\/figure>\n\n\n\n<p>Tutto il nostro sostegno e incoraggiamento per questi tre atleti che arrivano a questa competizione con una condizione fisica eccellente e avendo ottenuto il massimo nelle gare precedenti.<\/p>\n\n\n\n<p>Nella galleria di immagini, potete vedere la fantastica performance dell'#TeamWEIDER, dove Oriol Asensio ha ottenuto il terzo posto nella categoria +90 kg con grandi concorrenti e un cast di campioni europei che hanno messo in scena un livello terribile. Inoltre Nicolae Florin ha ottenuto un posto tra i 6 finalisti. Congratulazioni alla squadra!<\/p>","protected":false},"excerpt":{"rendered":"<p>El Prestigioso campeonato IFBB llega a Madrid Madrid albergar\u00e1 este fin de semana (del 25 al 27 de mayo) una parada de la prestigiosa IFBB Diamond Cup, una cita deportiva [\u2026]<\/p>","protected":false},"author":22,"featured_media":49695,"comment_status":"closed","ping_status":"closed","sticky":false,"template":"","format":"standard","meta":{"inline_featured_image":false,"footnotes":""},"categories":[3829],"tags":[3831,3841],"acf":[],"_links":{"self":[{"href":"https:\/\/weider.es\/it\/wp-json\/wp\/v2\/posts\/49694"}],"collection":[{"href":"https:\/\/weider.es\/it\/wp-json\/wp\/v2\/posts"}],"about":[{"href":"https:\/\/weider.es\/it\/wp-json\/wp\/v2\/types\/post"}],"author":[{"embeddable":true,"href":"https:\/\/weider.es\/it\/wp-json\/wp\/v2\/users\/22"}],"replies":[{"embeddable":true,"href":"https:\/\/weider.es\/it\/wp-json\/wp\/v2\/comments?post=49694"}],"version-history":[{"count":0,"href":"https:\/\/weider.es\/it\/wp-json\/wp\/v2\/posts\/49694\/revisions"}],"wp:featuredmedia":[{"embeddable":true,"href":"https:\/\/weider.es\/it\/wp-json\/wp\/v2\/media\/49695"}],"wp:attachment":[{"href":"https:\/\/weider.es\/it\/wp-json\/wp\/v2\/media?parent=49694"}],"wp:term":[{"taxonomy":"category","embeddable":true,"href":"https:\/\/weider.es\/it\/wp-json\/wp\/v2\/categories?post=49694"},{"taxonomy":"post_tag","embeddable":true,"href":"https:\/\/weider.es\/it\/wp-json\/wp\/v2\/tags?post=49694"}],"curies":[{"name":"wp","href":"https:\/\/api.w.org\/{rel}","templated":true}]}}